{"id":8094,"date":"2017-05-14T22:36:49","date_gmt":"2017-05-14T20:36:49","guid":{"rendered":"http:\/\/keramikartcraft.info\/?p=8094"},"modified":"2017-05-15T04:46:20","modified_gmt":"2017-05-15T02:46:20","slug":"galerientage-graz-mai-2017","status":"publish","type":"post","link":"https:\/\/keramikartcraft.info\/?p=8094","title":{"rendered":"Galerientage Graz, Mai 2017"},"content":{"rendered":"<h3><span style=\"color: #993300;\">Aktuelle Kunst in Graz<\/span><\/h3>\n<p><span style=\"color: #000000;\">Erstmals waren im Rahmen der Galerientage vom 5. \u2013 7. Mai 2017 auch Exponate von \u00a0 \u00a0 \u00a0 \u00a0 \u00a0 \u00a0 Sch\u00fclerInnen unterschiedlicher Ausbildungsschwerpunkte aus Kunst &amp; Design an der<br \/>\nOrtweinschule an mehreren\u00a0Standorten zu sehen.<\/span><br \/>\n<span style=\"color: #000000;\">Mit dabei waren auch 2 Sch\u00fclerinnen der Keramik Art Craft.<\/span><\/p>\n<p><span style=\"color: #000000;\">Lili Folger konnte ihre eindrucksvolle keramische B\u00fcste \u201eAleksander\u201c in der sehr prominent<br \/>\nbesetzten Ausstellung \u201eDialogfeld Mensch \u2013 Aufl\u00f6sung und Metamorphose, der Blick des<br \/>\nFremden ins innere Fremde\u201c in Gerhard Sommer&#8217;s Galerie Kunst und Handel pr\u00e4sentieren.<\/span><\/p>\n<p><a href=\"http:\/\/keramikartcraft.info\/wp-content\/uploads\/2017\/05\/Lili-Folger-mit-ihrer-Mutter-und-Aleksander.jpg\"><img loading=\"lazy\" decoding=\"async\" class=\"alignnone wp-image-8119 size-medium\" src=\"http:\/\/keramikartcraft.info\/wp-content\/uploads\/2017\/05\/Lili-Folger-mit-ihrer-Mutter-und-Aleksander-300x200.jpg\" alt=\"Lili Folger, Keramik Art Craft, mit ihrer Mutter und Aleksander\" width=\"300\" height=\"200\" srcset=\"https:\/\/keramikartcraft.info\/wp-content\/uploads\/2017\/05\/Lili-Folger-mit-ihrer-Mutter-und-Aleksander-300x200.jpg 300w, https:\/\/keramikartcraft.info\/wp-content\/uploads\/2017\/05\/Lili-Folger-mit-ihrer-Mutter-und-Aleksander-1024x682.jpg 1024w, https:\/\/keramikartcraft.info\/wp-content\/uploads\/2017\/05\/Lili-Folger-mit-ihrer-Mutter-und-Aleksander-624x416.jpg 624w, https:\/\/keramikartcraft.info\/wp-content\/uploads\/2017\/05\/Lili-Folger-mit-ihrer-Mutter-und-Aleksander.jpg 1280w\" sizes=\"auto, (max-width: 300px) 100vw, 300px\" \/><\/a>\u00a0\u00a0 <a href=\"http:\/\/keramikartcraft.info\/wp-content\/uploads\/2017\/05\/Aleksander-von-Lili-Folger.jpg\"><img loading=\"lazy\" decoding=\"async\" class=\"alignnone size-medium wp-image-8104\" src=\"http:\/\/keramikartcraft.info\/wp-content\/uploads\/2017\/05\/Aleksander-von-Lili-Folger-300x200.jpg\" alt=\"Aleksander von Lili Folger\" width=\"300\" height=\"200\" srcset=\"https:\/\/keramikartcraft.info\/wp-content\/uploads\/2017\/05\/Aleksander-von-Lili-Folger-300x200.jpg 300w, https:\/\/keramikartcraft.info\/wp-content\/uploads\/2017\/05\/Aleksander-von-Lili-Folger-1024x682.jpg 1024w, https:\/\/keramikartcraft.info\/wp-content\/uploads\/2017\/05\/Aleksander-von-Lili-Folger-624x416.jpg 624w, https:\/\/keramikartcraft.info\/wp-content\/uploads\/2017\/05\/Aleksander-von-Lili-Folger.jpg 1280w\" sizes=\"auto, (max-width: 300px) 100vw, 300px\" \/><\/a><\/p>\n<p>Claudia Koller wurde, zu ihrer gro\u00dfen Freude, in Irmi Horn\u2019s kunstGarten eingeladen, um dort \u201eIch &amp; Du oder Sinnlichkeit &amp; Sinn\u201c mit ihrem tiefsinnigen Objekt \u201eFacebook\u201c zu bereichern.<\/p>\n<p><span style=\"color: #000000;\"><a style=\"color: #000000;\" href=\"http:\/\/keramikartcraft.info\/wp-content\/uploads\/2017\/05\/Claudia-Koller-Keramik-Art-Craft-spricht-\u00fcber-ihr-Facebook-im-kunstGarten2.jpg\"><img loading=\"lazy\" decoding=\"async\" class=\"alignnone size-medium wp-image-8105\" src=\"http:\/\/keramikartcraft.info\/wp-content\/uploads\/2017\/05\/Claudia-Koller-Keramik-Art-Craft-spricht-\u00fcber-ihr-Facebook-im-kunstGarten2-300x200.jpg\" alt=\"Claudia Koller, Keramik Art Craft, spricht \u00fcber ihr Facebook im kunstGarten\" width=\"300\" height=\"200\" srcset=\"https:\/\/keramikartcraft.info\/wp-content\/uploads\/2017\/05\/Claudia-Koller-Keramik-Art-Craft-spricht-\u00fcber-ihr-Facebook-im-kunstGarten2-300x200.jpg 300w, https:\/\/keramikartcraft.info\/wp-content\/uploads\/2017\/05\/Claudia-Koller-Keramik-Art-Craft-spricht-\u00fcber-ihr-Facebook-im-kunstGarten2-1024x682.jpg 1024w, https:\/\/keramikartcraft.info\/wp-content\/uploads\/2017\/05\/Claudia-Koller-Keramik-Art-Craft-spricht-\u00fcber-ihr-Facebook-im-kunstGarten2-624x416.jpg 624w, https:\/\/keramikartcraft.info\/wp-content\/uploads\/2017\/05\/Claudia-Koller-Keramik-Art-Craft-spricht-\u00fcber-ihr-Facebook-im-kunstGarten2.jpg 1280w\" sizes=\"auto, (max-width: 300px) 100vw, 300px\" \/><\/a>\u00a0\u00a0 <a style=\"color: #000000;\" href=\"http:\/\/keramikartcraft.info\/wp-content\/uploads\/2017\/05\/Elena-Rothwangl-Katharina-Suppan-und-Claudia-Koller-Keramik-Art-Craft-mit-Facebook-im-kunstGarten.jpg\"><img loading=\"lazy\" decoding=\"async\" class=\"alignnone wp-image-8106 size-medium\" src=\"http:\/\/keramikartcraft.info\/wp-content\/uploads\/2017\/05\/Elena-Rothwangl-Katharina-Suppan-und-Claudia-Koller-Keramik-Art-Craft-mit-Facebook-im-kunstGarten-300x200.jpg\" alt=\"Elena Rothwangl, Katharina Suppan und Claudia Koller, Keramik Art Craft, mit Facebook im kunstGarten\" width=\"300\" height=\"200\" srcset=\"https:\/\/keramikartcraft.info\/wp-content\/uploads\/2017\/05\/Elena-Rothwangl-Katharina-Suppan-und-Claudia-Koller-Keramik-Art-Craft-mit-Facebook-im-kunstGarten-300x200.jpg 300w, https:\/\/keramikartcraft.info\/wp-content\/uploads\/2017\/05\/Elena-Rothwangl-Katharina-Suppan-und-Claudia-Koller-Keramik-Art-Craft-mit-Facebook-im-kunstGarten-1024x682.jpg 1024w, https:\/\/keramikartcraft.info\/wp-content\/uploads\/2017\/05\/Elena-Rothwangl-Katharina-Suppan-und-Claudia-Koller-Keramik-Art-Craft-mit-Facebook-im-kunstGarten-624x416.jpg 624w, https:\/\/keramikartcraft.info\/wp-content\/uploads\/2017\/05\/Elena-Rothwangl-Katharina-Suppan-und-Claudia-Koller-Keramik-Art-Craft-mit-Facebook-im-kunstGarten.jpg 1280w\" sizes=\"auto, (max-width: 300px) 100vw, 300px\" \/><\/a><\/span><\/p>\n<p><span style=\"color: #000000;\">Nicht nur die beiden jungen K\u00fcnstlerinnen zeigten sich \u00fcberrascht \u00fcber die positive Resonanz, auch ihre betreuenden Lehrkr\u00e4fte. Wir danken den beteiligten Galerien f\u00fcr ihre Offenheit<br \/>\ngegen\u00fcber junger keramischer Kunstentfaltung und hoffen, auch bei den n\u00e4chsten<br \/>\nGalerientagen vertreten sein zu k\u00f6nnen.<\/span><\/p>\n","protected":false},"excerpt":{"rendered":"<p>Aktuelle Kunst in Graz Erstmals waren im Rahmen der Galerientage vom 5. \u2013 7. Mai 2017 auch Exponate von \u00a0 \u00a0 \u00a0 \u00a0 \u00a0 \u00a0&hellip;<\/p>\n","protected":false},"author":19,"featured_media":0,"comment_status":"closed","ping_status":"closed","sticky":false,"template":"","format":"standard","meta":{"ngg_post_thumbnail":0,"footnotes":""},"categories":[77,1],"tags":[],"class_list":["post-8094","post","type-post","status-publish","format-standard","hentry","category-aktuell","category-allgemein"],"_links":{"self":[{"href":"https:\/\/keramikartcraft.info\/index.php?rest_route=\/wp\/v2\/posts\/8094","targetHints":{"allow":["GET"]}}],"collection":[{"href":"https:\/\/keramikartcraft.info\/index.php?rest_route=\/wp\/v2\/posts"}],"about":[{"href":"https:\/\/keramikartcraft.info\/index.php?rest_route=\/wp\/v2\/types\/post"}],"author":[{"embeddable":true,"href":"https:\/\/keramikartcraft.info\/index.php?rest_route=\/wp\/v2\/users\/19"}],"replies":[{"embeddable":true,"href":"https:\/\/keramikartcraft.info\/index.php?rest_route=%2Fwp%2Fv2%2Fcomments&post=8094"}],"version-history":[{"count":18,"href":"https:\/\/keramikartcraft.info\/index.php?rest_route=\/wp\/v2\/posts\/8094\/revisions"}],"predecessor-version":[{"id":8132,"href":"https:\/\/keramikartcraft.info\/index.php?rest_route=\/wp\/v2\/posts\/8094\/revisions\/8132"}],"wp:attachment":[{"href":"https:\/\/keramikartcraft.info\/index.php?rest_route=%2Fwp%2Fv2%2Fmedia&parent=8094"}],"wp:term":[{"taxonomy":"category","embeddable":true,"href":"https:\/\/keramikartcraft.info\/index.php?rest_route=%2Fwp%2Fv2%2Fcategories&post=8094"},{"taxonomy":"post_tag","embeddable":true,"href":"https:\/\/keramikartcraft.info\/index.php?rest_route=%2Fwp%2Fv2%2Ftags&post=8094"}],"curies":[{"name":"wp","href":"https:\/\/api.w.org\/{rel}","templated":true}]}}