{"id":9742,"date":"2024-08-29T11:07:57","date_gmt":"2024-08-29T09:07:57","guid":{"rendered":"https:\/\/keramikartcraft.info\/?p=9742"},"modified":"2024-08-29T11:18:49","modified_gmt":"2024-08-29T09:18:49","slug":"claydays-2024","status":"publish","type":"post","link":"https:\/\/keramikartcraft.info\/?p=9742","title":{"rendered":"Claydays 2024"},"content":{"rendered":"\n<p>Am 18. internationalen Grazer T\u00f6pfermarkt am Karmeliterplatz gibt es im Palais Galler von 30. August bis 1. September Werke der h\u00f6heren Abteilung <strong>Keramik Art Craft<\/strong> und der <strong>Meisterschule f\u00fcr Keramische Formgebung<\/strong> zu sehen. Einige der Sch\u00fcler:innen werden dort auch f\u00fcr informative Gespr\u00e4che zu Ausbildung und Schulalltag zur Verf\u00fcgung stehen. <\/p>\n\n\n\n<div class=\"wp-block-media-text is-stacked-on-mobile\"><figure class=\"wp-block-media-text__media\"><img loading=\"lazy\" decoding=\"async\" width=\"724\" height=\"1024\" src=\"http:\/\/keramikartcraft.info\/wp-content\/uploads\/2024\/08\/Plakat-Clay-Days_2024_V1-724x1024.jpg\" alt=\"\" class=\"wp-image-9743 size-full\" srcset=\"https:\/\/keramikartcraft.info\/wp-content\/uploads\/2024\/08\/Plakat-Clay-Days_2024_V1-724x1024.jpg 724w, https:\/\/keramikartcraft.info\/wp-content\/uploads\/2024\/08\/Plakat-Clay-Days_2024_V1-212x300.jpg 212w, https:\/\/keramikartcraft.info\/wp-content\/uploads\/2024\/08\/Plakat-Clay-Days_2024_V1-768x1086.jpg 768w, https:\/\/keramikartcraft.info\/wp-content\/uploads\/2024\/08\/Plakat-Clay-Days_2024_V1-1086x1536.jpg 1086w, https:\/\/keramikartcraft.info\/wp-content\/uploads\/2024\/08\/Plakat-Clay-Days_2024_V1.jpg 1280w\" sizes=\"auto, (max-width: 724px) 100vw, 724px\" \/><\/figure><div class=\"wp-block-media-text__content\">\n<p>Die ausgestellten Objekte entstanden zu unterschiedlichen Themenbereichen und zeigen \u2013 als \u00dcberblick zum aktuellen Stand der Ausbildung \u2013 Keramikkunst und Handwerk umgesetzt mit typischen, aber auch neuen und innovativen keramischen Technologien.<\/p>\n\n\n\n<p><strong>Zu sehen ist die Ausstellung<br>im Foyer des 1. Stocks im Palais Galler Karmeliterplatz 6, Graz.<\/strong><br><br>\u00d6ffnungszeiten: <br>Fr, 30. August, 12 bis 18:00 Uhr<br>Sa, 31. August, 10 bis 18:00 Uhr<br>So, 1. September, 10 bis 18:00 Uhr<\/p>\n<\/div><\/div>\n","protected":false},"excerpt":{"rendered":"<p>Am 18. internationalen Grazer T\u00f6pfermarkt am Karmeliterplatz gibt es im Palais Galler von 30. August bis 1. September Werke der h\u00f6heren Abteilung Keramik Art Craft&hellip;<\/p>\n","protected":false},"author":1,"featured_media":9743,"comment_status":"closed","ping_status":"closed","sticky":false,"template":"","format":"standard","meta":{"ngg_post_thumbnail":0,"footnotes":""},"categories":[77],"tags":[],"class_list":["post-9742","post","type-post","status-publish","format-standard","has-post-thumbnail","hentry","category-aktuell"],"_links":{"self":[{"href":"https:\/\/keramikartcraft.info\/index.php?rest_route=\/wp\/v2\/posts\/9742","targetHints":{"allow":["GET"]}}],"collection":[{"href":"https:\/\/keramikartcraft.info\/index.php?rest_route=\/wp\/v2\/posts"}],"about":[{"href":"https:\/\/keramikartcraft.info\/index.php?rest_route=\/wp\/v2\/types\/post"}],"author":[{"embeddable":true,"href":"https:\/\/keramikartcraft.info\/index.php?rest_route=\/wp\/v2\/users\/1"}],"replies":[{"embeddable":true,"href":"https:\/\/keramikartcraft.info\/index.php?rest_route=%2Fwp%2Fv2%2Fcomments&post=9742"}],"version-history":[{"count":4,"href":"https:\/\/keramikartcraft.info\/index.php?rest_route=\/wp\/v2\/posts\/9742\/revisions"}],"predecessor-version":[{"id":9749,"href":"https:\/\/keramikartcraft.info\/index.php?rest_route=\/wp\/v2\/posts\/9742\/revisions\/9749"}],"wp:featuredmedia":[{"embeddable":true,"href":"https:\/\/keramikartcraft.info\/index.php?rest_route=\/wp\/v2\/media\/9743"}],"wp:attachment":[{"href":"https:\/\/keramikartcraft.info\/index.php?rest_route=%2Fwp%2Fv2%2Fmedia&parent=9742"}],"wp:term":[{"taxonomy":"category","embeddable":true,"href":"https:\/\/keramikartcraft.info\/index.php?rest_route=%2Fwp%2Fv2%2Fcategories&post=9742"},{"taxonomy":"post_tag","embeddable":true,"href":"https:\/\/keramikartcraft.info\/index.php?rest_route=%2Fwp%2Fv2%2Ftags&post=9742"}],"curies":[{"name":"wp","href":"https:\/\/api.w.org\/{rel}","templated":true}]}}